{"id":4197,"date":"2021-05-03T12:00:00","date_gmt":"2021-05-03T10:00:00","guid":{"rendered":"https:\/\/acopa.de\/de\/?p=4197"},"modified":"2021-11-30T12:33:21","modified_gmt":"2021-11-30T11:33:21","slug":"treffen-der-botschafter-fuer-nachhaltige-beschaffungsversprechen","status":"publish","type":"post","link":"https:\/\/acopa.de\/de\/2021\/treffen-der-botschafter-fuer-nachhaltige-beschaffungsversprechen\/","title":{"rendered":"Treffen der Botschafter f\u00fcr nachhaltige Beschaffungs-versprechen"},"content":{"rendered":"\n[et_pb_section fb_built=&#8220;1&#8243; admin_label=&#8220;section&#8220; _builder_version=&#8220;4.9.3&#8243; custom_margin=&#8220;0px||||false|false&#8220; custom_padding=&#8220;0px||||false|false&#8220;][et_pb_row column_structure=&#8220;1_2,1_2&#8243; _builder_version=&#8220;4.9.4&#8243; _module_preset=&#8220;default&#8220;][et_pb_column type=&#8220;1_2&#8243; _builder_version=&#8220;4.9.4&#8243; _module_preset=&#8220;default&#8220;][et_pb_text _builder_version=&#8220;4.9.4&#8243; _module_preset=&#8220;370c49bd-6302-4df9-a8c0-f6a907232b4a&#8220;]<p>Wir freuen uns, Sie und Ihre Kollegen im Einkauf zum n\u00e4chsten Treffen der Botschafter f\u00fcr nachhaltige Beschaffungsversprechen einladen zu k\u00f6nnen.<\/p>\n<p>Wir werden uns mit der Herausforderung auseinandersetzen, wie man die richtigen Kennzahlen nutzt, um Nachhaltigkeit und Verantwortung im Einkauf voranzutreiben:<\/p>\n<ul>\n<li>Wie betten Sie die strategischen Nachhaltigkeitsmetriken Ihrer Organisation in die Leistung des Einkaufs ein?<\/li>\n<li>Wie weisen Sie den Wert Ihrer Nachhaltigkeitsprojekte\/-entscheidungen im Einkauf f\u00fcr Ihr Unternehmen nach?<\/li>\n<\/ul>\n<p>Datum und Uhrzeit: <strong>11. Mai<\/strong> 2021, <strong>16 Uhr MEZ<\/strong><\/p>[\/et_pb_text][\/et_pb_column][et_pb_column type=&#8220;1_2&#8243; _builder_version=&#8220;4.9.4&#8243; _module_preset=&#8220;default&#8220;][et_pb_image src=&#8220;https:\/\/acopa.de\/de\/wp-content\/uploads\/sites\/4\/2021\/04\/SPP-Logo.png&#8220; title_text=&#8220;SPP Logo&#8220; _builder_version=&#8220;4.9.4&#8243; _module_preset=&#8220;default&#8220; width=&#8220;96.4%&#8220; min_height=&#8220;344.6px&#8220;][\/et_pb_image][\/et_pb_column][\/et_pb_row][et_pb_row _builder_version=&#8220;4.9.4&#8243; _module_preset=&#8220;default&#8220;][et_pb_column type=&#8220;4_4&#8243; _builder_version=&#8220;4.9.4&#8243; _module_preset=&#8220;default&#8220;][et_pb_text _builder_version=&#8220;4.9.4&#8243; _module_preset=&#8220;370c49bd-6302-4df9-a8c0-f6a907232b4a&#8220; custom_margin=&#8220;||-189px|||&#8220;]<p>Um dabei zu sein, teilzunehmen und das Wissen Ihrer Kollegen zu erhalten, ist es wichtig, dass Sie sich <strong>so schnell wie m\u00f6glich<\/strong> \u00fcber diesen Link anmelden.<\/p>\n<p>Sie werden sich <strong>Thomas Udesen<\/strong> &amp; <strong>Bertrand Conqueret<\/strong> (CPOs von Bayer &amp; Henkel) anschlie\u00dfen, zusammen mit <strong>Lewis Howard<\/strong>, Transformation Director, GSK; <strong>Alexandra Tarmo<\/strong>, Head of Partnerships &amp; Social Procurement, Unilever; <strong>Sonia Couprie<\/strong>, Director of Global Procurement Centre of Excellence, Liberty Global und hunderten Ihrer Kollegen weltweit, um Best-Practice und Ideen zu dieser Herausforderung zu teilen &#8211; moderiert von <strong>Oliver Hurrey<\/strong>.<\/p>\n<p>Logistik:<\/p>\n<ul>\n<li>Aufgrund der hohen Nachfrage kann es sein, dass wir die Anzahl der Anmeldungen begrenzen m\u00fcssen und daher leider keine Garantie f\u00fcr Ihre Anmeldung \u00fcbernehmen k\u00f6nnen. F\u00fcr unser Februar-Treffen hatten wir \u00fcber 1.500 Anmeldungen.<\/li>\n<li>Bitte versuchen Sie, m\u00f6glichst fr\u00fch oder p\u00fcnktlich zu erscheinen. Wir werden Sie vorab in Diskussionsgruppen einteilen. Wir werden die Sessions sorgf\u00e4ltig moderieren und keine Verkaufsgespr\u00e4che zulassen und f\u00fcr die richtige Balance in den Break-out-R\u00e4umen sorgen.<\/li>\n<\/ul>\n<p>Wir w\u00fcnschen Ihnen viel Spa\u00df und freuen uns, wenn Sie sich mit Kollegen und Gleichgesinnten austauschen.<\/p>[\/et_pb_text][\/et_pb_column][\/et_pb_row][\/et_pb_section]\n","protected":false},"excerpt":{"rendered":"<p>Wir freuen uns, Sie und Ihre Kollegen im Einkauf zum n\u00e4chsten Sustainable Procurement Pledge Ambassadors Meeting einladen zu k\u00f6nnen.<\/p>\n","protected":false},"author":12,"featured_media":0,"comment_status":"open","ping_status":"open","sticky":false,"template":"","format":"standard","meta":{"_et_pb_use_builder":"on","_et_pb_old_content":"","_et_gb_content_width":"","footnotes":""},"categories":[27],"tags":[],"class_list":["post-4197","post","type-post","status-publish","format-standard","hentry","category-news"],"_links":{"self":[{"href":"https:\/\/acopa.de\/de\/wp-json\/wp\/v2\/posts\/4197","targetHints":{"allow":["GET"]}}],"collection":[{"href":"https:\/\/acopa.de\/de\/wp-json\/wp\/v2\/posts"}],"about":[{"href":"https:\/\/acopa.de\/de\/wp-json\/wp\/v2\/types\/post"}],"author":[{"embeddable":true,"href":"https:\/\/acopa.de\/de\/wp-json\/wp\/v2\/users\/12"}],"replies":[{"embeddable":true,"href":"https:\/\/acopa.de\/de\/wp-json\/wp\/v2\/comments?post=4197"}],"version-history":[{"count":9,"href":"https:\/\/acopa.de\/de\/wp-json\/wp\/v2\/posts\/4197\/revisions"}],"predecessor-version":[{"id":4531,"href":"https:\/\/acopa.de\/de\/wp-json\/wp\/v2\/posts\/4197\/revisions\/4531"}],"wp:attachment":[{"href":"https:\/\/acopa.de\/de\/wp-json\/wp\/v2\/media?parent=4197"}],"wp:term":[{"taxonomy":"category","embeddable":true,"href":"https:\/\/acopa.de\/de\/wp-json\/wp\/v2\/categories?post=4197"},{"taxonomy":"post_tag","embeddable":true,"href":"https:\/\/acopa.de\/de\/wp-json\/wp\/v2\/tags?post=4197"}],"curies":[{"name":"wp","href":"https:\/\/api.w.org\/{rel}","templated":true}]}}